                                                                                                                                                                                                                                                                                                                                                                                                         {"id":1760,"date":"2022-08-31T12:50:58","date_gmt":"2022-08-31T18:50:58","guid":{"rendered":"http:\/\/transparencia.victoriaguanajuato.gob.mx\/?p=1760"},"modified":"2022-08-31T12:50:58","modified_gmt":"2022-08-31T18:50:58","slug":"verbena-del-adulto-mayor-2022","status":"publish","type":"post","link":"https:\/\/transparencia.victoriaguanajuato.gob.mx\/index.php\/2022\/08\/31\/verbena-del-adulto-mayor-2022\/","title":{"rendered":"VERBENA DEL ADULTO MAYOR 2022"},"content":{"rendered":"<p>No son los a\u00f1os en tu vida los que cuentan, es la vida en tus a\u00f1os. \u2013 Abraham Lincoln<br \/>\nEl d\u00eda de hoy realizamos la \u201cVerbena del Adulto Mayor 2022\u201d, con los festejos de:<br \/>\n<span class=\"fxk3tzhb b2rh1bv3 gh55jysx m8h3af8h ewco64xe kjdc1dyq ms56khn7 bq6c9xl4 eohcrkr5 akh3l2rg\"><img decoding=\"async\" loading=\"lazy\" src=\"https:\/\/static.xx.fbcdn.net\/images\/emoji.php\/v9\/t33\/1\/16\/2705.png\" alt=\"\u2705\" width=\"16\" height=\"16\" \/><\/span>Tradicional Misa en la Parroquia San Juan Bautista.<br \/>\n<span class=\"fxk3tzhb b2rh1bv3 gh55jysx m8h3af8h ewco64xe kjdc1dyq ms56khn7 bq6c9xl4 eohcrkr5 akh3l2rg\"><img decoding=\"async\" loading=\"lazy\" src=\"https:\/\/static.xx.fbcdn.net\/images\/emoji.php\/v9\/t33\/1\/16\/2705.png\" alt=\"\u2705\" width=\"16\" height=\"16\" \/><\/span>Participaci\u00f3n de los bailables de los grupos de Adultos Mayores de Derramaderos y de Milpillas de Santiago.<br \/>\n<span class=\"fxk3tzhb b2rh1bv3 gh55jysx m8h3af8h ewco64xe kjdc1dyq ms56khn7 bq6c9xl4 eohcrkr5 akh3l2rg\"><img decoding=\"async\" loading=\"lazy\" src=\"https:\/\/static.xx.fbcdn.net\/images\/emoji.php\/v9\/t33\/1\/16\/2705.png\" alt=\"\u2705\" width=\"16\" height=\"16\" \/><\/span>Presentaci\u00f3n de los candidatos a Pr\u00edncipes, Princesas, Rey y Reina de los Adultos Mayores 2022.<br \/>\n<span class=\"fxk3tzhb b2rh1bv3 gh55jysx m8h3af8h ewco64xe kjdc1dyq ms56khn7 bq6c9xl4 eohcrkr5 akh3l2rg\"><img decoding=\"async\" loading=\"lazy\" src=\"https:\/\/static.xx.fbcdn.net\/images\/emoji.php\/v9\/t33\/1\/16\/2705.png\" alt=\"\u2705\" width=\"16\" height=\"16\" \/><\/span>Coronaci\u00f3n de Rey y Reina de los Adultos Mayores 2022.<br \/>\n<span class=\"fxk3tzhb b2rh1bv3 gh55jysx m8h3af8h ewco64xe kjdc1dyq ms56khn7 bq6c9xl4 eohcrkr5 akh3l2rg\"><img decoding=\"async\" loading=\"lazy\" src=\"https:\/\/static.xx.fbcdn.net\/images\/emoji.php\/v9\/t33\/1\/16\/2705.png\" alt=\"\u2705\" width=\"16\" height=\"16\" \/><\/span>Para finalizar con la presentaci\u00f3n de Huapango Arribe\u00f1o con Israel Castro y sus Arribe\u00f1os.<br \/>\nSin duda alguna hemos pasado grandes momentos de alegr\u00eda y aprendizaje en compa\u00f1\u00eda de nuestros Adultos Mayores que nos impulsan a seguir trabajando por un mejor Victoria, Con La Fuerza de Nuestras Familias.<\/p>\n","protected":false},"excerpt":{"rendered":"<p>No son los a\u00f1os en tu vida los que cuentan, es la vida en tus a\u00f1os. \u2013 Abraham Lincoln El d\u00eda de hoy realizamos la \u201cVerbena del Adulto Mayor 2022\u201d, con los festejos de: Tradicional Misa en la Parroquia San Juan Bautista. Participaci\u00f3n de los bailables de los grupos de Adultos Mayores de Derramaderos y [&hellip;]<\/p>\n","protected":false},"author":1,"featured_media":1761,"comment_status":"open","ping_status":"open","sticky":false,"template":"","format":"standard","meta":{"om_disable_all_campaigns":false,"_mi_skip_tracking":false},"categories":[61],"tags":[],"series":[],"table_tags":[],"aioseo_notices":[],"_links":{"self":[{"href":"https:\/\/transparencia.victoriaguanajuato.gob.mx\/index.php\/wp-json\/wp\/v2\/posts\/1760"}],"collection":[{"href":"https:\/\/transparencia.victoriaguanajuato.gob.mx\/index.php\/wp-json\/wp\/v2\/posts"}],"about":[{"href":"https:\/\/transparencia.victoriaguanajuato.gob.mx\/index.php\/wp-json\/wp\/v2\/types\/post"}],"author":[{"embeddable":true,"href":"https:\/\/transparencia.victoriaguanajuato.gob.mx\/index.php\/wp-json\/wp\/v2\/users\/1"}],"replies":[{"embeddable":true,"href":"https:\/\/transparencia.victoriaguanajuato.gob.mx\/index.php\/wp-json\/wp\/v2\/comments?post=1760"}],"version-history":[{"count":1,"href":"https:\/\/transparencia.victoriaguanajuato.gob.mx\/index.php\/wp-json\/wp\/v2\/posts\/1760\/revisions"}],"predecessor-version":[{"id":1762,"href":"https:\/\/transparencia.victoriaguanajuato.gob.mx\/index.php\/wp-json\/wp\/v2\/posts\/1760\/revisions\/1762"}],"wp:featuredmedia":[{"embeddable":true,"href":"https:\/\/transparencia.victoriaguanajuato.gob.mx\/index.php\/wp-json\/wp\/v2\/media\/1761"}],"wp:attachment":[{"href":"https:\/\/transparencia.victoriaguanajuato.gob.mx\/index.php\/wp-json\/wp\/v2\/media?parent=1760"}],"wp:term":[{"taxonomy":"category","embeddable":true,"href":"https:\/\/transparencia.victoriaguanajuato.gob.mx\/index.php\/wp-json\/wp\/v2\/categories?post=1760"},{"taxonomy":"post_tag","embeddable":true,"href":"https:\/\/transparencia.victoriaguanajuato.gob.mx\/index.php\/wp-json\/wp\/v2\/tags?post=1760"},{"taxonomy":"series","embeddable":true,"href":"https:\/\/transparencia.victoriaguanajuato.gob.mx\/index.php\/wp-json\/wp\/v2\/series?post=1760"},{"taxonomy":"table_tags","embeddable":true,"href":"https:\/\/transparencia.victoriaguanajuato.gob.mx\/index.php\/wp-json\/wp\/v2\/table_tags?post=1760"}],"curies":[{"name":"wp","href":"https:\/\/api.w.org\/{rel}","templated":true}]}}